{"id":1389,"date":"2025-04-28T10:22:47","date_gmt":"2025-04-28T08:22:47","guid":{"rendered":"https:\/\/plandeparis.info\/actualites\/?p=1389"},"modified":"2025-04-28T10:22:47","modified_gmt":"2025-04-28T08:22:47","slug":"medecine-esthetique-en-2025-quand-devriez-vous-y-recourir%e2%80%89","status":"publish","type":"post","link":"https:\/\/plandeparis.info\/actualites\/2025\/04\/28\/medecine-esthetique-en-2025-quand-devriez-vous-y-recourir%e2%80%89\/","title":{"rendered":"M\u00e9decine esth\u00e9tique en 2025 : quand devriez-vous y recourir\u2009?"},"content":{"rendered":"\n<p>La m\u00e9decine esth\u00e9tique a fait peau neuve en 2025. Fini le temps des visages fig\u00e9s et des modifications trop visibles\u2009! Place \u00e0 une approche respectueuse o\u00f9 chaque intervention se fait \u00e0 la carte. Les patients cherchent d\u00e9sormais \u00e0 sublimer leurs traits naturels plut\u00f4t qu\u2019\u00e0 les transformer radicalement. Mais la question reste enti\u00e8re&nbsp;: \u00e0 quel moment franchir le pas\u2009?<\/p>\n\n\n\n<h2>Les signes r\u00e9v\u00e9lateurs qui justifient un traitement esth\u00e9tique<\/h2>\n\n\n\n<p>Certains changements cutan\u00e9s ne trompent pas. Les&nbsp;<strong>rides d\u2019expression persistantes<\/strong>&nbsp;figurent en t\u00eate de liste des motifs de consultation, surtout quand elles s\u2019incrustent m\u00eame au repos. Vous vous interrogez sur les solutions modernes pour y rem\u00e9dier\u2009? Les&nbsp;<a href=\"https:\/\/my-laser.fr\/nos-centres\/my-laser-paris-chatelet\/\" target=\"_blank\" rel=\"noreferrer noopener\">centres de m\u00e9decine esth\u00e9tique &amp; laser \u00e0 paris<\/a>&nbsp;dressent g\u00e9n\u00e9ralement un panorama d\u00e9taill\u00e9 des innovations disponibles cette ann\u00e9e.<\/p>\n\n\n\n<p>L\u2019affaissement du visage, lui, pointe g\u00e9n\u00e9ralement le bout de son nez apr\u00e8s 35-40&nbsp;ans. Il se manifeste par un rel\u00e2chement des contours et une perte progressive de fermet\u00e9. Sans oublier ces taches pigmentaires tenaces qui narguent vos efforts cosm\u00e9tiques quotidiens et peuvent n\u00e9cessiter l\u2019intervention d\u2019un professionnel.<\/p>\n\n\n\n<p>N\u2019oublions pas que derri\u00e8re ces manifestations se cachent des modifications structurelles profondes. La d\u00e9marche vers un m\u00e9decin esth\u00e9tique doit \u00e9maner d\u2019une volont\u00e9 personnelle et non d\u2019une pression ext\u00e9rieure. \u00c0 bon entendeur\u2026<\/p>\n\n\n\n<h2>Les innovations non invasives qui transforment la m\u00e9decine esth\u00e9tique<\/h2>\n\n\n\n<p>2025 a mis les techniques non invasives sur le devant de la sc\u00e8ne. Le \u00ab\u2009Baby&nbsp;<a href=\"https:\/\/madame.lefigaro.fr\/beaute\/faut-il-commencer-les-injections-de-botox-des-la-vingtaine-pour-prevenir-l-apparition-des-rides-20241214\">Botox\u2009<\/a>\u00bb \u2014 cette m\u00e9thode d\u2019injection de&nbsp;<strong>micro-doses de toxine botulique<\/strong>&nbsp;\u2014 s\u00e9duit par sa subtilit\u00e9. Il estompe les rides tout en pr\u00e9servant vos expressions naturelles. Un atout de taille pour les trentenaires soucieux de pr\u00e9venir les premiers signes de l\u2019\u00e2ge sans para\u00eetre fig\u00e9s.<\/p>\n\n\n\n<p>Les injections quasi invisibles ont \u00e9galement le vent en poupe. Elles permettent des corrections discr\u00e8tes gr\u00e2ce \u00e0 des quantit\u00e9s minimes de produits ciblant pr\u00e9cis\u00e9ment les zones concern\u00e9es. Plus besoin de vous cacher pendant des jours apr\u00e8s votre s\u00e9ance\u2009! Le lifting liquide offre un coup d\u2019\u00e9clat instantan\u00e9 sans passer par la case chirurgie.<\/p>\n\n\n\n<p>Par ailleurs, les technologies comme la radiofr\u00e9quence raffermissent la peau en stimulant naturellement la production de collag\u00e8ne. Une s\u00e9ance de 30&nbsp;minutes pendant votre pause d\u00e9jeuner, et vous repartez avec une peau plus tonique, sans effets secondaires notables. De quoi s\u00e9duire les plus r\u00e9ticents.<\/p>\n\n\n\n<h2>La biostimulation&nbsp;: quand et pourquoi opter pour cette approche\u2009?<\/h2>\n\n\n\n<p>Votre peau manque de tonus\u2009? Elle semble fatigu\u00e9e malgr\u00e9 vos soins attentifs\u2009? La biostimulation pourrait bien \u00eatre la solution. Cette m\u00e9thode en vogue vise \u00e0&nbsp;<strong>r\u00e9veiller le potentiel naturel<\/strong>&nbsp;de l\u2019\u00e9piderme en stimulant ses m\u00e9canismes de r\u00e9g\u00e9n\u00e9ration. Contrairement aux injections de comblement, elle mise sur le long terme.<\/p>\n\n\n\n<p>Elle tombe \u00e0 point nomm\u00e9 apr\u00e8s la quarantaine, lorsque la production naturelle de collag\u00e8ne commence \u00e0 battre de l\u2019aile. Des techniques comme le plasma riche en plaquettes puisent dans vos propres ressources pour revitaliser votre peau en profondeur. Un coup de pouce naturel plut\u00f4t qu\u2019une transformation artificielle.<\/p>\n\n\n\n<p>L\u2019atout majeur de la biostimulation\u2009? Sa polyvalence. Elle combat sur tous les fronts&nbsp;: rel\u00e2chement, ridules, \u00e9lasticit\u00e9 et teint terne. Trois \u00e0 quatre s\u00e9ances suffisent g\u00e9n\u00e9ralement pour observer un changement notable. La patience paie, les r\u00e9sultats s\u2019installent progressivement, mais perdurent bien plus longtemps que d\u2019autres traitements.<\/p>\n\n\n\n<h2>L\u2019approche pr\u00e9ventive&nbsp;: le nouveau paradigme de la m\u00e9decine esth\u00e9tique<\/h2>\n\n\n\n<p>\u00ab\u2009Mieux vaut pr\u00e9venir que gu\u00e9rir\u2009\u00bb \u2014 ce vieux dicton s\u2019applique d\u00e9sormais parfaitement \u00e0 la m\u00e9decine esth\u00e9tique. L\u2019approche pr\u00e9ventive gagne du terrain avec des&nbsp;<strong>interventions pr\u00e9coces personnalis\u00e9es<\/strong>&nbsp;avant m\u00eame que les marques de l\u2019\u00e2ge ne s\u2019installent durablement. Vous pouvez consulter d\u00e8s la vingtaine pour \u00e9tablir une feuille de route adapt\u00e9e \u00e0 votre visage.<\/p>\n\n\n\n<p>Toutefois, pas question d\u2019en faire trop\u2009! Des traitements l\u00e9gers, mais r\u00e9guliers suffiront \u00e0 maintenir la qualit\u00e9 de votre peau au fil des ans. L\u2019intelligence artificielle joue un r\u00f4le non n\u00e9gligeable dans cette d\u00e9marche en analysant votre morphologie pour anticiper son \u00e9volution. Une sorte de boule de cristal high-tech qui permet aux m\u00e9decins d\u2019agir au bon moment, au bon endroit.<\/p>\n\n\n\n<p>Les avantages\u2009? Ils sautent aux yeux. Moins d\u2019interventions lourdes \u00e0 l\u2019avenir, pr\u00e9servation de vos traits distinctifs et ralentissement visible du vieillissement. Une strat\u00e9gie qui permet de rester vous-m\u00eame, en version optimis\u00e9e.<\/p>\n","protected":false},"excerpt":{"rendered":"<p>La m\u00e9decine esth\u00e9tique a fait peau neuve en 2025. Fini le temps des visages fig\u00e9s et des modifications trop visibles\u2009! Place \u00e0 une approche respectueuse o\u00f9 chaque intervention se fait \u00e0 la carte. Les patients cherchent d\u00e9sormais \u00e0 sublimer leurs<\/p>\n","protected":false},"author":1,"featured_media":1390,"comment_status":"open","ping_status":"closed","sticky":false,"template":"","format":"standard","meta":{"spay_email":""},"categories":[1],"tags":[],"jetpack_featured_media_url":"https:\/\/plandeparis.info\/actualites\/wp-content\/uploads\/2025\/04\/3290cd5d42ea99ed6f3b756c9f1d961e.jpeg","_links":{"self":[{"href":"https:\/\/plandeparis.info\/actualites\/wp-json\/wp\/v2\/posts\/1389"}],"collection":[{"href":"https:\/\/plandeparis.info\/actualites\/wp-json\/wp\/v2\/posts"}],"about":[{"href":"https:\/\/plandeparis.info\/actualites\/wp-json\/wp\/v2\/types\/post"}],"author":[{"embeddable":true,"href":"https:\/\/plandeparis.info\/actualites\/wp-json\/wp\/v2\/users\/1"}],"replies":[{"embeddable":true,"href":"https:\/\/plandeparis.info\/actualites\/wp-json\/wp\/v2\/comments?post=1389"}],"version-history":[{"count":1,"href":"https:\/\/plandeparis.info\/actualites\/wp-json\/wp\/v2\/posts\/1389\/revisions"}],"predecessor-version":[{"id":1391,"href":"https:\/\/plandeparis.info\/actualites\/wp-json\/wp\/v2\/posts\/1389\/revisions\/1391"}],"wp:featuredmedia":[{"embeddable":true,"href":"https:\/\/plandeparis.info\/actualites\/wp-json\/wp\/v2\/media\/1390"}],"wp:attachment":[{"href":"https:\/\/plandeparis.info\/actualites\/wp-json\/wp\/v2\/media?parent=1389"}],"wp:term":[{"taxonomy":"category","embeddable":true,"href":"https:\/\/plandeparis.info\/actualites\/wp-json\/wp\/v2\/categories?post=1389"},{"taxonomy":"post_tag","embeddable":true,"href":"https:\/\/plandeparis.info\/actualites\/wp-json\/wp\/v2\/tags?post=1389"}],"curies":[{"name":"wp","href":"https:\/\/api.w.org\/{rel}","templated":true}]}}