{"id":397,"date":"2020-07-23T11:27:36","date_gmt":"2020-07-23T09:27:36","guid":{"rendered":"https:\/\/plandeparis.info\/actualites\/?p=397"},"modified":"2023-03-10T14:30:15","modified_gmt":"2023-03-10T13:30:15","slug":"comment-bien-decorer-la-chambre-de-bebe-dans-votre-appartement-parisien","status":"publish","type":"post","link":"https:\/\/plandeparis.info\/actualites\/2020\/07\/23\/comment-bien-decorer-la-chambre-de-bebe-dans-votre-appartement-parisien\/","title":{"rendered":"Comment bien d\u00e9corer la chambre de b\u00e9b\u00e9 dans votre appartement parisien ?"},"content":{"rendered":"\n<p>L\u2019arriv\u00e9e prochaine d\u2019un b\u00e9b\u00e9 au sein d\u2019une famille bouscule les habitudes et les rep\u00e8res, surtout quand c\u2019est le premier. Pour pr\u00e9parer au mieux l\u2019arriv\u00e9e de votre petit bout de choux, la pr\u00e9paration de sa chambre doit \u00eatre bien r\u00e9fl\u00e9chie: il faut une d\u00e9coration qui soit \u00e9volutive car votre tout petit deviendra tr\u00e8s vite un enfant avec un univers bien \u00e0 lui. <strong>A Paris, les chambres sont souvent petites<\/strong> mais pas d&rsquo;inqui\u00e9tude, tout est une question de rangement, de d\u00e9coration et de couleurs pour agrandir l\u2019espace et en faire un v\u00e9ritable cocon!<\/p>\n\n\n\n<h2>Une peinture apaisante pour la chambre de b\u00e9b\u00e9<\/h2>\n\n\n\n<p>Que ce soit un gar\u00e7on ou une fille, que vous le sachiez ou pas au moment o\u00f9 vous lisez cet article, il est important de<strong> bien choisir les couleurs de la chambre de votre futur b\u00e9b\u00e9<\/strong>. Il existe de nombreuses couleurs qui ont de r\u00e9elles vertus sur le sommeil et qui pourront affecter le comportement de votre b\u00e9b\u00e9 gr\u00e2ce \u00e0 des ambiances apaisantes.<\/p>\n\n\n\n<div class=\"wp-block-image\"><figure class=\"aligncenter size-large is-resized\"><img loading=\"lazy\" src=\"https:\/\/plandeparis.info\/actualites\/wp-content\/uploads\/2020\/07\/bebe-dort.jpg\" alt=\"\" class=\"wp-image-399\" width=\"315\" height=\"236\" srcset=\"https:\/\/plandeparis.info\/actualites\/wp-content\/uploads\/2020\/07\/bebe-dort.jpg 640w, https:\/\/plandeparis.info\/actualites\/wp-content\/uploads\/2020\/07\/bebe-dort-300x225.jpg 300w, https:\/\/plandeparis.info\/actualites\/wp-content\/uploads\/2020\/07\/bebe-dort-600x450.jpg 600w\" sizes=\"(max-width: 315px) 100vw, 315px\" \/><\/figure><\/div>\n\n\n\n<p>Pour une touche de douceur, une palette de beige, sable, cr\u00e8me ou encore marron glac\u00e9 sera parfaite. A noter que les tons clairs sont \u00e0 privil\u00e9gier pour les petites chambres ou celles qui ne b\u00e9n\u00e9ficient pas d\u2019une bonne luminosit\u00e9.<\/p>\n\n\n\n<p>Si vous souhaitez colorer davantage la chambre, le vert, et notamment le vert sauge, est une tr\u00e8s bonne couleur pour bien dormir. Anti-stress, elle a tendance \u00e0 rassurer et mettra une touche de nature dans l\u2019environnement de votre b\u00e9b\u00e9. Sinon optez pour le bleu, c\u2019est la couleur par excellence du sommeil. Cette derni\u00e8re favorise l\u2019\u00e9vasion, la d\u00e9tente et la confiance. Enfin il y a le blanc, v\u00e9ritable passe-partout ! Il refl\u00e8te le calme, la s\u00e9r\u00e9nit\u00e9 et l\u2019innocence. Cependant il est conseill\u00e9 de mettre des touches de couleurs pour \u00e9viter l\u2019effet clinique aseptis\u00e9.<\/p>\n\n\n\n<p>L\u2019important lorsqu\u2019on choisit la couleur de la peinture est d\u2019en s\u00e9lectionner une qui puisse durer dans le temps et qui plaira \u00e0 votre enfant pendant plusieurs ann\u00e9es. Pour ne pas prendre de risque, privil\u00e9giez les couleurs cit\u00e9es plus hauts.<\/p>\n\n\n\n<h2>Une d\u00e9coration \u00e9volutive<\/h2>\n\n\n\n<p>Pour la d\u00e9coration, l\u2019id\u00e9al est d\u2019adapter la couleur des diff\u00e9rents \u00e9l\u00e9ments par rapport \u00e0 la couleur de peinture. Respectez la r\u00e8gle des trois pour une harmonie parfaite : 80% de la surface pour la couleur principale (celle de la peinture), 15% pour une couleur secondaire et 5% pour une derni\u00e8re couleur (souvent des accessoires). Une d\u00e9coration avec des mat\u00e9riaux naturels permettra d\u2019apaiser votre b\u00e9b\u00e9.<\/p>\n\n\n\n<p>La d\u00e9coration de la chambre de b\u00e9b\u00e9 ne reste jamais tr\u00e8s longtemps, votre enfant grandit et il faudra vous adapter \u00e0 ses go\u00fbts! Il peut \u00eatre int\u00e9ressant d\u2019opter pour des <a href=\"https:\/\/www.tenstickers.fr\/ideals-pour\/murs\/\" data-type=\"URL\" data-id=\"https:\/\/www.tenstickers.fr\/ideals-pour\/murs\/\">stickers muraux<\/a>. C\u2019est une d\u00e9coration \u00e0 moindre prix et qui est facilement interchangeable.\u00a0 Vous pouvez en trouver de toutes sortes: des fleurs, des personnages, vous pourrez aussi <strong>les personnaliser <\/strong>avec son pr\u00e9nom ou encore un message. Pleins de raisons de choisir des <a href=\"https:\/\/www.tenstickers.fr\/stickers-pour\/chambre-enfant\/\">stickers chambre b\u00e9b\u00e9<\/a> !<\/p>\n\n\n\n<p>Une fois que vous aurez choisi les couleurs de la chambre, la d\u00e9coration d\u00e9coulera naturellement de tout \u00e7a, pas d\u2019inqui\u00e9tude.<\/p>\n\n\n\n<p>Retrouvez notre article: <a href=\"https:\/\/plandeparis.info\/actualites\/2020\/07\/20\/investissement-locatif-a-paris-quels-arrondissements-privilegier\/\">Investissement locatif \u00e0 Paris : quels arrondissements privil\u00e9gier<\/a>?<\/p>\n","protected":false},"excerpt":{"rendered":"<p>L\u2019arriv\u00e9e prochaine d\u2019un b\u00e9b\u00e9 au sein d\u2019une famille bouscule les habitudes et les rep\u00e8res, surtout quand c\u2019est le premier. Pour pr\u00e9parer au mieux l\u2019arriv\u00e9e de votre petit bout de choux, la pr\u00e9paration de sa chambre doit \u00eatre bien r\u00e9fl\u00e9chie: il<\/p>\n","protected":false},"author":1,"featured_media":409,"comment_status":"open","ping_status":"closed","sticky":false,"template":"","format":"standard","meta":{"spay_email":""},"categories":[14],"tags":[],"jetpack_featured_media_url":"https:\/\/plandeparis.info\/actualites\/wp-content\/uploads\/2020\/07\/children-3368013_1280-e1595597237185.jpg","_links":{"self":[{"href":"https:\/\/plandeparis.info\/actualites\/wp-json\/wp\/v2\/posts\/397"}],"collection":[{"href":"https:\/\/plandeparis.info\/actualites\/wp-json\/wp\/v2\/posts"}],"about":[{"href":"https:\/\/plandeparis.info\/actualites\/wp-json\/wp\/v2\/types\/post"}],"author":[{"embeddable":true,"href":"https:\/\/plandeparis.info\/actualites\/wp-json\/wp\/v2\/users\/1"}],"replies":[{"embeddable":true,"href":"https:\/\/plandeparis.info\/actualites\/wp-json\/wp\/v2\/comments?post=397"}],"version-history":[{"count":5,"href":"https:\/\/plandeparis.info\/actualites\/wp-json\/wp\/v2\/posts\/397\/revisions"}],"predecessor-version":[{"id":1118,"href":"https:\/\/plandeparis.info\/actualites\/wp-json\/wp\/v2\/posts\/397\/revisions\/1118"}],"wp:featuredmedia":[{"embeddable":true,"href":"https:\/\/plandeparis.info\/actualites\/wp-json\/wp\/v2\/media\/409"}],"wp:attachment":[{"href":"https:\/\/plandeparis.info\/actualites\/wp-json\/wp\/v2\/media?parent=397"}],"wp:term":[{"taxonomy":"category","embeddable":true,"href":"https:\/\/plandeparis.info\/actualites\/wp-json\/wp\/v2\/categories?post=397"},{"taxonomy":"post_tag","embeddable":true,"href":"https:\/\/plandeparis.info\/actualites\/wp-json\/wp\/v2\/tags?post=397"}],"curies":[{"name":"wp","href":"https:\/\/api.w.org\/{rel}","templated":true}]}}