{"id":778,"date":"2021-11-18T09:49:35","date_gmt":"2021-11-18T08:49:35","guid":{"rendered":"https:\/\/plandeparis.info\/actualites\/?p=778"},"modified":"2021-11-22T15:41:11","modified_gmt":"2021-11-22T14:41:11","slug":"4-bonnes-raisons-doffrir-une-box-photo-pour-noel","status":"publish","type":"post","link":"https:\/\/plandeparis.info\/actualites\/2021\/11\/18\/4-bonnes-raisons-doffrir-une-box-photo-pour-noel\/","title":{"rendered":"4 bonnes raisons d\u2019offrir une box photo pour No\u00ebl"},"content":{"rendered":"\n<p>Les f\u00eates de fin d\u2019ann\u00e9e approchent \u00e0 grands pas : l\u2019odeur du sapin se propage, les grands magasins exhibent leurs d\u00e9corations lumineuses, les enfants regardent les cadeaux dans les vitrines avec envie. Et qui dit No\u00ebl dit aussi course effr\u00e9n\u00e9e aux cadeaux. Et pour faire plaisir \u00e0 toute la famille, rien de tel que d\u2019offrir une box photo.<\/p>\n\n\n\n<p><\/p>\n\n\n\n<h2>1. Parce que c\u2019est un cadeau personnalis\u00e9<\/h2>\n\n\n\n<p>Fini les cadeaux impersonnels, les cartes cadeaux dans les magasins de v\u00eatements et autres babioles ! Trop souvent, No\u00ebl rime avec mat\u00e9rialisme et t\u00e2che forc\u00e9e. Pour ne pas se creuser la t\u00eate, on offre des cadeaux g\u00e9n\u00e9riques. Or, ceux qui font le plus plaisir sont ceux qui sont personnalis\u00e9s et qui montrent qu\u2019on conna\u00eet bien la personne. C\u2019est la raison pour laquelle la <a href=\"https:\/\/www.cheerz.com\/fr\/categories\/box?%20utm_source=planparis&amp;utm_medium=senet&amp;utm_campaign=nov\"><strong>box photo<\/strong><\/a> appara\u00eet comme le cadeau id\u00e9al, en particulier pour les membres de la famille. Cheerz propose justement des box photos, dont le principe est simple : il suffit de choisir vos plus belles photos et de les envoyer. Vous recevrez votre commande dans une tr\u00e8s jolie bo\u00eete photo. Selon la formule choisie, vous aurez \u00e9galement le droit \u00e0 un cadre et une bo\u00eete de rangement.<\/p>\n\n\n\n<h2>2. Pour immortaliser les souvenirs<\/h2>\n\n\n\n<p>Parce que les souvenirs sont pr\u00e9cieux, autant les immortaliser sur du papier et les exposer ! Les premiers pas de b\u00e9b\u00e9, le voyage en famille \u00e0 l\u2019\u00eele de R\u00e9, ou bien encore le mariage de la cadette : tout \u00e7a, c\u2019est dans la bo\u00eete. Les photos sont de merveilleux moyens de se souvenir des moments heureux. Ainsi, vous pourrez offrir des clich\u00e9s imprim\u00e9s, en couleur ou en noir et blanc, afin de constituer un joli livre photo, ou bien pour les disposer dans des cadres. Rien de tel pour faire plaisir \u00e0 sa famille et transmettre des souvenirs aux futures g\u00e9n\u00e9rations ! Mariage, naissance, anniversaire : c\u2019est un bel h\u00e9ritage familial.<\/p>\n\n\n\n<figure class=\"wp-block-image size-large\"><img loading=\"lazy\" width=\"1024\" height=\"683\" src=\"https:\/\/plandeparis.info\/actualites\/wp-content\/uploads\/2021\/11\/76487fe71ffcc2e61f309143c1a8b3cada4c73e9-1024x683.jpeg\" alt=\"\" class=\"wp-image-784\" srcset=\"https:\/\/plandeparis.info\/actualites\/wp-content\/uploads\/2021\/11\/76487fe71ffcc2e61f309143c1a8b3cada4c73e9-1024x683.jpeg 1024w, https:\/\/plandeparis.info\/actualites\/wp-content\/uploads\/2021\/11\/76487fe71ffcc2e61f309143c1a8b3cada4c73e9-300x200.jpeg 300w, https:\/\/plandeparis.info\/actualites\/wp-content\/uploads\/2021\/11\/76487fe71ffcc2e61f309143c1a8b3cada4c73e9-768x512.jpeg 768w, https:\/\/plandeparis.info\/actualites\/wp-content\/uploads\/2021\/11\/76487fe71ffcc2e61f309143c1a8b3cada4c73e9-1536x1024.jpeg 1536w, https:\/\/plandeparis.info\/actualites\/wp-content\/uploads\/2021\/11\/76487fe71ffcc2e61f309143c1a8b3cada4c73e9-2048x1365.jpeg 2048w\" sizes=\"(max-width: 1024px) 100vw, 1024px\" \/><\/figure>\n\n\n\n<h2>3. Pour d\u00e9corer son int\u00e9rieur<\/h2>\n\n\n\n<p>Tout le monde aime cr\u00e9er un petit nid douillet chez soi. Et, pour cela, les photos sont essentielles, afin de donner une \u00e2me \u00e0 sa maison ou son appartement. Avec la box photo, vous recevrez des clich\u00e9s \u00e0 exposer dans votre int\u00e9rieur. Version p\u00eale-m\u00eale accroch\u00e9e au mur, encadr\u00e9es et pos\u00e9es sur le meuble du salon, il existe de nombreuses mani\u00e8res de mettre en valeur vos photos. Notre conseil d\u00e9co : accrocher un fil \u00e0 l\u2019horizontal sur son mur, et y accrocher plusieurs clich\u00e9s \u00e0 l\u2019aide de pinces \u00e0 linge. Id\u00e9al pour le salon ou la chambre !<\/p>\n\n\n\n<h2>4. Parce que c\u2019est mieux sur du papier !<\/h2>\n\n\n\n<p>Vous en conviendrez, la galerie de votre smartphone n\u2019est pas la mieux plac\u00e9e pour mettre en valeur vos photos. Les trois cent clich\u00e9s de votre s\u0153ur pris pr\u00e8s de la Tour Eiffel, \u00e0 moiti\u00e9 flous et trop sombres, ach\u00e8veront probablement de vous convaincre ! En faisant imprimer vos photos, vous accorderez plus d\u2019attention \u00e0 leur qualit\u00e9 et devrez s\u00e9lectionner les meilleures. Et, c\u2019est quand m\u00eame bien plus agr\u00e9able de pouvoir les magnifier sur un support papier, selon l\u2018esth\u00e9tique qui vous pla\u00eet.<\/p>\n","protected":false},"excerpt":{"rendered":"<p>Les f\u00eates de fin d\u2019ann\u00e9e approchent \u00e0 grands pas : l\u2019odeur du sapin se propage, les grands magasins exhibent leurs d\u00e9corations lumineuses, les enfants regardent les cadeaux dans les vitrines avec envie. Et qui dit No\u00ebl dit aussi course effr\u00e9n\u00e9e<\/p>\n","protected":false},"author":1,"featured_media":781,"comment_status":"open","ping_status":"closed","sticky":false,"template":"","format":"standard","meta":{"spay_email":""},"categories":[7,13],"tags":[],"jetpack_featured_media_url":"https:\/\/plandeparis.info\/actualites\/wp-content\/uploads\/2021\/11\/piece-jointe-78979959a535c89490eaf85c6f1d6821-scaled-e1637592044234.jpeg","_links":{"self":[{"href":"https:\/\/plandeparis.info\/actualites\/wp-json\/wp\/v2\/posts\/778"}],"collection":[{"href":"https:\/\/plandeparis.info\/actualites\/wp-json\/wp\/v2\/posts"}],"about":[{"href":"https:\/\/plandeparis.info\/actualites\/wp-json\/wp\/v2\/types\/post"}],"author":[{"embeddable":true,"href":"https:\/\/plandeparis.info\/actualites\/wp-json\/wp\/v2\/users\/1"}],"replies":[{"embeddable":true,"href":"https:\/\/plandeparis.info\/actualites\/wp-json\/wp\/v2\/comments?post=778"}],"version-history":[{"count":4,"href":"https:\/\/plandeparis.info\/actualites\/wp-json\/wp\/v2\/posts\/778\/revisions"}],"predecessor-version":[{"id":785,"href":"https:\/\/plandeparis.info\/actualites\/wp-json\/wp\/v2\/posts\/778\/revisions\/785"}],"wp:featuredmedia":[{"embeddable":true,"href":"https:\/\/plandeparis.info\/actualites\/wp-json\/wp\/v2\/media\/781"}],"wp:attachment":[{"href":"https:\/\/plandeparis.info\/actualites\/wp-json\/wp\/v2\/media?parent=778"}],"wp:term":[{"taxonomy":"category","embeddable":true,"href":"https:\/\/plandeparis.info\/actualites\/wp-json\/wp\/v2\/categories?post=778"},{"taxonomy":"post_tag","embeddable":true,"href":"https:\/\/plandeparis.info\/actualites\/wp-json\/wp\/v2\/tags?post=778"}],"curies":[{"name":"wp","href":"https:\/\/api.w.org\/{rel}","templated":true}]}}