{"id":811,"date":"2021-12-23T10:30:36","date_gmt":"2021-12-23T09:30:36","guid":{"rendered":"https:\/\/plandeparis.info\/actualites\/?p=811"},"modified":"2021-12-23T10:30:36","modified_gmt":"2021-12-23T09:30:36","slug":"5-conseils-pour-se-remettre-dun-burn-out","status":"publish","type":"post","link":"https:\/\/plandeparis.info\/actualites\/2021\/12\/23\/5-conseils-pour-se-remettre-dun-burn-out\/","title":{"rendered":"5 conseils pour se remettre d\u2019un burn-out"},"content":{"rendered":"\n<p>Le diagnostic est tomb\u00e9 : vous \u00eates en burn-out. \u00c9puisement mental et physique, d\u00e9valorisation permanente, difficult\u00e9s de concentration : cette mauvaise passe doit faire l\u2019objet d\u2019un traitement th\u00e9rapeutique s\u00e9rieux. Voici quelques conseils pour emprunter doucement le chemin de la gu\u00e9rison.<\/p>\n\n\n\n<h2>Savoir demander de l\u2019aide<\/h2>\n\n\n\n<p>Ne plus porter tout le poids de la fatigue et du stress sur ses \u00e9paules est la premi\u00e8re \u00e9tape pour gu\u00e9rir d\u2019un burn-out. Il est essentiel de se tourner vers les personnes comp\u00e9tentes, qui pourront vous venir en aide. En effet, un accompagnement psychologique est recommand\u00e9 dans la majeure partie des cas. Ce suivi m\u00e9dical doit s\u2019accompagner d\u2019un soutien de la part des proches. Dans les cas les plus graves, des antid\u00e9presseurs peuvent \u00eatre prescrits. Passer des moments avec vos amis et votre famille est indispensable pour vous sentir bien entour\u00e9.<\/p>\n\n\n\n<h2>Prendre du temps pour se retrouver<\/h2>\n\n\n\n<p>Le burn-out entra\u00eene tr\u00e8s souvent le sentiment d\u2019\u00eatre perdu. Submerg\u00e9 par le stress et le surinvestissement, vous ne savez plus o\u00f9 aller et que faire. Une pause s\u2019impose donc pour se retrouver. Prenez du temps pour vous et pour vous faire du bien, en renouant avec vos centres d\u2019int\u00e9r\u00eat. Activit\u00e9 sportive, artistique, relaxation : \u00e0 vous d\u2019apprendre \u00e0 vous conna\u00eetre \u00e0 nouveau. Le but : r\u00e9apprendre \u00e0 apprivoiser la notion de plaisir, pour reprendre go\u00fbt \u00e0 la vie.<\/p>\n\n\n\n<p>Pas toujours \u00e9vident de s\u2019accorder une pause lorsqu\u2019on a une famille \u00e0 g\u00e9rer\u2026 Pour celles et ceux qui veulent s\u2019\u00e9vader le temps d\u2019un instant, il est possible de faire garder ses enfants par l\u2019agence <a href=\"https:\/\/paris-nord-est.kangouroukids.fr\/\"><strong>Kangourou Kids Paris<\/strong><\/a> \u00e0 petit prix. Des professionnels se d\u00e9placent \u00e0 votre domicile pour garder vos petits et g\u00e9rer les sorties d\u2019\u00e9cole, les <a href=\"https:\/\/plandeparis.info\/actualites\/2021\/12\/13\/4-bonnes-raisons-de-prendre-des-cours-de-soutien-scolaire\/\">devoirs <\/a>et les repas. De quoi vous faciliter la vie pour vous remettre d&rsquo;aplomb !<\/p>\n\n\n\n<h2>Arr\u00eater de travailler<\/h2>\n\n\n\n<p>La racine du mal \u00e9tant le surinvestissement au travail, il est fortement conseill\u00e9 de s\u2019arr\u00eater quelque temps. Tr\u00e8s souvent, le m\u00e9decin recommande d\u2019ailleurs un arr\u00eat de plusieurs semaines, voire de quelques mois. Le temps de vous reposer suffisamment pour recharger vos batteries, et de faire le point sur la situation. Dormir, manger sainement, reprendre une activit\u00e9 physique r\u00e9guli\u00e8re : vous devez remettre la machine en route et, pour cela, il est essentiel que vous ne soyez pas accapar\u00e9 par votre travail.<\/p>\n\n\n\n<h2>Reprendre confiance en soi<\/h2>\n\n\n\n<p>Le burn-out s&rsquo;accompagne souvent d\u2019une perte de confiance en soi et en ses capacit\u00e9s, qu\u2019il est important de gu\u00e9rir. Pour cela, il est important de comprendre quelle est la source du probl\u00e8me, en ayant un suivi psychologique. Identifiez vos forces afin de restaurer votre confiance en vos capacit\u00e9s.<\/p>\n\n\n\n<h2>Apprendre \u00e0 dire non\u00a0<\/h2>\n\n\n\n<p>Il est important que vous appreniez \u00e0 poser des limites au travail car le burn-out peut aussi \u00eatre le fait d\u2019un mauvais management dans votre entreprise. De votre c\u00f4t\u00e9, vous devez g\u00e9rer votre perfectionnisme, afin de ne pas vous surmener lors de votre retour au bureau ou de vos prochaines exp\u00e9riences professionnelles.<\/p>\n","protected":false},"excerpt":{"rendered":"<p>Le diagnostic est tomb\u00e9 : vous \u00eates en burn-out. \u00c9puisement mental et physique, d\u00e9valorisation permanente, difficult\u00e9s de concentration : cette mauvaise passe doit faire l\u2019objet d\u2019un traitement th\u00e9rapeutique s\u00e9rieux. Voici quelques conseils pour emprunter doucement le chemin de la gu\u00e9rison.<\/p>\n","protected":false},"author":1,"featured_media":659,"comment_status":"open","ping_status":"closed","sticky":false,"template":"","format":"standard","meta":{"spay_email":""},"categories":[16],"tags":[],"jetpack_featured_media_url":"https:\/\/plandeparis.info\/actualites\/wp-content\/uploads\/2021\/08\/steven-lasry-2TrIaCKLDSo-unsplash-1.jpg","_links":{"self":[{"href":"https:\/\/plandeparis.info\/actualites\/wp-json\/wp\/v2\/posts\/811"}],"collection":[{"href":"https:\/\/plandeparis.info\/actualites\/wp-json\/wp\/v2\/posts"}],"about":[{"href":"https:\/\/plandeparis.info\/actualites\/wp-json\/wp\/v2\/types\/post"}],"author":[{"embeddable":true,"href":"https:\/\/plandeparis.info\/actualites\/wp-json\/wp\/v2\/users\/1"}],"replies":[{"embeddable":true,"href":"https:\/\/plandeparis.info\/actualites\/wp-json\/wp\/v2\/comments?post=811"}],"version-history":[{"count":1,"href":"https:\/\/plandeparis.info\/actualites\/wp-json\/wp\/v2\/posts\/811\/revisions"}],"predecessor-version":[{"id":812,"href":"https:\/\/plandeparis.info\/actualites\/wp-json\/wp\/v2\/posts\/811\/revisions\/812"}],"wp:featuredmedia":[{"embeddable":true,"href":"https:\/\/plandeparis.info\/actualites\/wp-json\/wp\/v2\/media\/659"}],"wp:attachment":[{"href":"https:\/\/plandeparis.info\/actualites\/wp-json\/wp\/v2\/media?parent=811"}],"wp:term":[{"taxonomy":"category","embeddable":true,"href":"https:\/\/plandeparis.info\/actualites\/wp-json\/wp\/v2\/categories?post=811"},{"taxonomy":"post_tag","embeddable":true,"href":"https:\/\/plandeparis.info\/actualites\/wp-json\/wp\/v2\/tags?post=811"}],"curies":[{"name":"wp","href":"https:\/\/api.w.org\/{rel}","templated":true}]}}